{"id":382,"date":"2024-07-23T15:30:46","date_gmt":"2024-07-23T14:30:46","guid":{"rendered":"https:\/\/buermeyer.de\/ulf\/?p=382"},"modified":"2024-07-24T22:13:21","modified_gmt":"2024-07-24T21:13:21","slug":"turning-the-page-vom-richter-zum-journalisten","status":"publish","type":"post","link":"https:\/\/buermeyer.de\/ulf\/turning-the-page-vom-richter-zum-journalisten\/","title":{"rendered":"Turning the page: Vom Richter zum Journalisten"},"content":{"rendered":"<p><img decoding=\"async\" loading=\"lazy\" class=\"size-full wp-image-397 alignleft\" src=\"https:\/\/buermeyer.de\/ulf\/wp-content\/uploads\/2024\/07\/ulf_moabit.jpeg\" alt=\"\" width=\"233\" height=\"335\" srcset=\"https:\/\/buermeyer.de\/ulf\/wp-content\/uploads\/2024\/07\/ulf_moabit.jpeg 233w, https:\/\/buermeyer.de\/ulf\/wp-content\/uploads\/2024\/07\/ulf_moabit-209x300.jpeg 209w\" sizes=\"(max-width: 233px) 100vw, 233px\" \/>Vor einigen Tagen habe ich bei der Berliner <a href=\"https:\/\/www.berlin.de\/sen\/justiz\/\" target=\"_blank\" rel=\"noopener\">Justizverwaltung<\/a> beantragt, mich mit Ablauf des 31. Juli 2024 aus dem Dienst der Berliner Justiz zu entlassen. Ab dem 1. August werde ich also nicht mehr Richter des Landes Berlin sein, sondern Richter am Landgericht a.D. Das ist ein Abschied, der mir nicht leicht f\u00e4llt, denn ich war stets sehr gerne Richter. Zugleich wird mir dieser Schritt aber die M\u00f6glichkeit geben, mich in Zukunft voll meinem Herzensprojekt zu widmen: Gemeinsam mit meinem Freund und Kollegen <a href=\"https:\/\/de.wikipedia.org\/wiki\/Philip_Banse\" target=\"_blank\" rel=\"noopener\">Philip Banse<\/a> m\u00f6chte ich unseren Podcast <a href=\"http:\/\/lagedernation.org\" target=\"_blank\" rel=\"noopener\">\u201eLage der Nation\u201c<\/a> moderieren und das dahinterstehende kleine Medien-Unternehmen weiterentwickeln. Au\u00dferdem bleibe ich Mitglied des Vorstands der <a href=\"http:\/\/freiheitsrechte.org\" target=\"_blank\" rel=\"noopener\">Gesellschaft f\u00fcr Freiheitsrechte<\/a>.<\/p>\n<p><img decoding=\"async\" loading=\"lazy\" class=\"size-full wp-image-400 alignright\" src=\"https:\/\/buermeyer.de\/ulf\/wp-content\/uploads\/2024\/07\/lage_buch.jpeg\" alt=\"\" width=\"400\" height=\"300\" srcset=\"https:\/\/buermeyer.de\/ulf\/wp-content\/uploads\/2024\/07\/lage_buch.jpeg 400w, https:\/\/buermeyer.de\/ulf\/wp-content\/uploads\/2024\/07\/lage_buch-300x225.jpeg 300w\" sizes=\"(max-width: 400px) 100vw, 400px\" \/>Mit meinem Abschied aus der Justiz geht eine pers\u00f6nliche Entwicklung in die n\u00e4chste Phase, die mit der Gr\u00fcndung der \u201eLage\u201c 2016 begann: Was Philip und ich zun\u00e4chst als Hobby gestartet haben, ist inzwischen zu einer Firma gewachsen, die <a href=\"https:\/\/lagedernation.org\/team\/\" target=\"_blank\" rel=\"noopener\">ein Dutzend Menschen<\/a> besch\u00e4ftigt. Rund eine Million Menschen h\u00f6ren regelm\u00e4\u00dfig die Lage der Nation, f\u00fcr viele ist unser Podcast aus dem Alltag nicht mehr wegzudenken. Erst vor ein paar Wochen wurde die Lage der Nation mit dem <a href=\"https:\/\/www.deutscher-podcastpreis.de\/\" target=\"_blank\" rel=\"noopener\">Deutschen Podcast-Preis<\/a> 2024 in der Kategorie \u201eBeste Information\u201c ausgezeichnet. F\u00fcr mich stand daher von vornherein fest, dass ich mich weiter f\u00fcr die \u201eLage\u201c engagieren m\u00f6chte. Die Frage war nur, inwieweit das mit der Arbeit in der Justiz zu vereinbaren sein k\u00f6nnte, wenn meine Beurlaubung in diesem Sommer ausl\u00e4uft.<\/p>\n<p>Ich bin zu dem Schluss gekommen, dass beide Aufgaben nicht zu vereinbaren sind. Die Menschen, \u00fcber die ich als Strafrichter h\u00e4tte urteilen m\u00fcssen, erwarten v\u00f6llig zu Recht, dass Richterinnen und Richter den Kopf frei haben und sich voll auf die Rechtsprechung konzentrieren. Das aber h\u00e4tte ich nicht garantieren k\u00f6nnen, wenn ich zugleich Verantwortung f\u00fcr die \u201eLage der Nation\u201c und unsere Mitarbeiter:innen trage. Daher habe ich mich nach reiflicher \u00dcberlegung entschlossen, meinen Abschied aus der Justiz zu nehmen.<\/p>\n<p><img decoding=\"async\" loading=\"lazy\" class=\"size-full wp-image-393 alignleft\" src=\"https:\/\/buermeyer.de\/ulf\/wp-content\/uploads\/2024\/07\/justiz.jpeg\" alt=\"\" width=\"400\" height=\"300\" srcset=\"https:\/\/buermeyer.de\/ulf\/wp-content\/uploads\/2024\/07\/justiz.jpeg 400w, https:\/\/buermeyer.de\/ulf\/wp-content\/uploads\/2024\/07\/justiz-300x225.jpeg 300w\" sizes=\"(max-width: 400px) 100vw, 400px\" \/>Mir ist es wichtig, deutlich zu machen, dass dies keine Entscheidung gegen die Justiz ist. Unser Rechtsstaat ist eine gro\u00dfartige Errungenschaft, und ich kann junge Menschen nur ermuntern, sich f\u00fcr die <a href=\"https:\/\/www.berlin.de\/sen\/justv\/ueber-uns\/karriere\/\" target=\"_blank\" rel=\"noopener\">Arbeit in der Justiz<\/a> zu entscheiden. Mein Entschluss ist vielmehr eine Entscheidung, wo ich meine Kraft in den n\u00e4chsten Jahren einsetzen m\u00f6chte. An dieser Stelle habe ich mich f\u00fcr das Engagement f\u00fcr einen zeitgem\u00e4\u00dfen politischen Journalismus entschieden, der sich unparteiisch, aber mit klarer Haltung f\u00fcr Demokratie und Rechtsstaatlichkeit einsetzt. Ich war immer gerne Richter und h\u00e4tte auch gerne wieder in Moabit gearbeitet. Doch ich glaube, dass ich der aktuellen politischen und sozialen Situation in Deutschland bei der \u201eLage der Nation\u201c mehr f\u00fcr unser Land und unsere Gesellschaft bewegen kann.<\/p>\n<p><img decoding=\"async\" loading=\"lazy\" class=\"size-full wp-image-401 alignright\" src=\"https:\/\/buermeyer.de\/ulf\/wp-content\/uploads\/2024\/07\/moabit_tuer.jpeg\" alt=\"\" width=\"300\" height=\"400\" srcset=\"https:\/\/buermeyer.de\/ulf\/wp-content\/uploads\/2024\/07\/moabit_tuer.jpeg 300w, https:\/\/buermeyer.de\/ulf\/wp-content\/uploads\/2024\/07\/moabit_tuer-225x300.jpeg 225w\" sizes=\"(max-width: 300px) 100vw, 300px\" \/>Ein Abschied wie dieser ist ein sch\u00f6ner Anlass, um den Menschen zu danken, die die f\u00fcr mich sehr erfreuliche Entwicklung in den letzten 15 Jahren mit m\u00f6glich gemacht haben \u2013 in der Justiz und bei der Lage. Am Landgericht Berlin m\u00f6chte ich stellvertretend f\u00fcr alle Kolleginnen und Kollegen VRiLG i.R. Peter Faust danken, dessen Gerechtigkeitssinn und unersch\u00fctterlicher Humanismus f\u00fcr mich stets ein Vorbild bleiben werden. Bei der Senatsverwaltung f\u00fcr Justiz habe ich besonders Dr. Gero Meinen viel zu verdanken, in dessen Abteilung ich ein Jahr einen Gesetzentwurf schreiben durfte, der zugleich Grundlage meiner Dissertation wurde. In ganz besonderer Weise hat jedoch meine Zeit am Bundesverfassungsgericht mein juristisches und politisches Denken gepr\u00e4gt. Daf\u00fcr m\u00f6chte ich Prof. Dr. Andreas Vo\u00dfkuhle und Prof. Dr. Winfried Hassemer danken, die mir als wissenschaftlicher Mitarbeiter in ihrem Dezernat das erste Votum in fast einhundert Verfassungsbeschwerdeverfahren anvertraut haben.<\/p>\n<p>Bei der Lage der Nation gilt mein erster Dank den Menschen, die uns Woche f\u00fcr Woche zuh\u00f6ren. Ohne ihr Interesse an unserem Format und vor allem ihre finanzielle Unterst\u00fctzung h\u00e4tte ich mich niemals entscheiden k\u00f6nnen, in Zukunft voll als Journalist zu arbeiten. Wer das weiter m\u00f6glich machen m\u00f6chte, kann dies z.B. mit einem <a href=\"https:\/\/plus.lagedernation.org\/\" target=\"_blank\" rel=\"noopener\">Lage-plus-Abo<\/a> oder einem <a href=\"https:\/\/lagedernation.org\/spenden\/\" target=\"_blank\" rel=\"noopener\">Dauerauftrag<\/a> tun. Die Lage w\u00e4re au\u00dferdem nicht m\u00f6glich ohne unser <a href=\"https:\/\/lagedernation.org\/team\/\" target=\"_blank\" rel=\"noopener\">gro\u00dfartiges Team<\/a> \u2013 danke, dass ihr dabei seid!<\/p>\n<p><img decoding=\"async\" loading=\"lazy\" class=\"aligncenter size-full wp-image-402\" src=\"https:\/\/buermeyer.de\/ulf\/wp-content\/uploads\/2024\/07\/lage_team.jpeg\" alt=\"\" width=\"600\" height=\"400\" srcset=\"https:\/\/buermeyer.de\/ulf\/wp-content\/uploads\/2024\/07\/lage_team.jpeg 600w, https:\/\/buermeyer.de\/ulf\/wp-content\/uploads\/2024\/07\/lage_team-300x200.jpeg 300w\" sizes=\"(max-width: 600px) 100vw, 600px\" \/><\/p>\n<p>Last but not least lebt die \u201eLage\u201c vom beeindruckenden Engagement und der reichen Erfahrung meines Freunds und Mitgr\u00fcnders Philip Banse. Bei ihm durfte ich in den letzten acht Jahren eine Art Langzeit-Volontariat absolvieren, sodass ich mich inzwischen ohne rot zu werden selbst Journalist nennen darf. Herzlichen Dank, dass wir das zusammen rocken!<\/p>\n<p>Zun\u00e4chst einmal aber hei\u00dft es bei mir: Wie ist die Lage? Bestens! Euch allen einen sch\u00f6nen Sommer.<\/p>\n","protected":false},"excerpt":{"rendered":"<p>Vor einigen Tagen habe ich bei der Berliner Justizverwaltung beantragt, mich mit Ablauf des 31. Juli 2024 aus dem Dienst der Berliner Justiz zu entlassen. Ab dem 1. August werde ich also nicht mehr Richter des Landes Berlin sein, sondern &hellip; <a href=\"https:\/\/buermeyer.de\/ulf\/turning-the-page-vom-richter-zum-journalisten\/\">Continue reading <span class=\"meta-nav\">&rarr;<\/span><\/a><\/p>\n","protected":false},"author":1,"featured_media":0,"comment_status":"closed","ping_status":"open","sticky":false,"template":"","format":"standard","meta":[],"categories":[5],"tags":[],"_links":{"self":[{"href":"https:\/\/buermeyer.de\/ulf\/wp-json\/wp\/v2\/posts\/382"}],"collection":[{"href":"https:\/\/buermeyer.de\/ulf\/wp-json\/wp\/v2\/posts"}],"about":[{"href":"https:\/\/buermeyer.de\/ulf\/wp-json\/wp\/v2\/types\/post"}],"author":[{"embeddable":true,"href":"https:\/\/buermeyer.de\/ulf\/wp-json\/wp\/v2\/users\/1"}],"replies":[{"embeddable":true,"href":"https:\/\/buermeyer.de\/ulf\/wp-json\/wp\/v2\/comments?post=382"}],"version-history":[{"count":12,"href":"https:\/\/buermeyer.de\/ulf\/wp-json\/wp\/v2\/posts\/382\/revisions"}],"predecessor-version":[{"id":405,"href":"https:\/\/buermeyer.de\/ulf\/wp-json\/wp\/v2\/posts\/382\/revisions\/405"}],"wp:attachment":[{"href":"https:\/\/buermeyer.de\/ulf\/wp-json\/wp\/v2\/media?parent=382"}],"wp:term":[{"taxonomy":"category","embeddable":true,"href":"https:\/\/buermeyer.de\/ulf\/wp-json\/wp\/v2\/categories?post=382"},{"taxonomy":"post_tag","embeddable":true,"href":"https:\/\/buermeyer.de\/ulf\/wp-json\/wp\/v2\/tags?post=382"}],"curies":[{"name":"wp","href":"https:\/\/api.w.org\/{rel}","templated":true}]}}